{"id":121,"date":"2020-02-21T14:17:44","date_gmt":"2020-02-21T14:17:44","guid":{"rendered":"https:\/\/ninetheme.com\/themes\/arasajans\/?p=121"},"modified":"2023-02-25T10:03:36","modified_gmt":"2023-02-25T10:03:36","slug":"oem_tasarimda_dikkat_edilenler","status":"publish","type":"post","link":"https:\/\/www.eylereng.com\/en\/oem-elektronik-tasarim\/oem_tasarimda_dikkat_edilenler\/","title":{"rendered":"OEM \u00dcretim ve Projelerde Dikkat Edilmesi Gereken Konular"},"content":{"rendered":"<p class=\"t-left\">Eyler M\u00fchendislik olarak uzun y\u0131llard\u0131r \u00e7e\u015fitli konularda ve farkl\u0131 firma profilleri ile OEM tasar\u0131m-\u00fcretim-\u00fcr\u00fcn hayat-d\u00f6ng\u00fcs\u00fc y\u00f6netimi (PLM) projelerinde yer ald\u0131k. Bu projelerde ortak olarak g\u00f6zlemledi\u011fimiz ana konular:<\/p>\n<ol>\n<li class=\"t-left no-margin-bottom\">Proje d\u00f6k\u00fcmantasyonu, sadece \u00f6n kabul, sipari\u015f a\u015famas\u0131nda de\u011fil, bittikten sonra bile ya\u015famas\u0131 gereken bir konudur. Proje d\u00f6k\u00fcmantasyonuna hem i\u015fveren hem de OEM \u00fcretici firma \u00e7ok dikkat etmelidir.<\/li>\n<li>OEM tasar\u0131m\u0131n profesyonel ara\u00e7larla yap\u0131lmas\u0131 g\u00f6z boyamamal\u0131d\u0131r. \u00dcretim ve destek s\u00fcre\u00e7leri en az tasar\u0131m kadar \u00f6nemlidir. \u00c7o\u011fu proje, \u00fcretimden sonra yetersiz teknik destek planlamas\u0131 y\u00fcz\u00fcnden zora girmektedir.<\/li>\n<li>Donan\u0131m\/Yaz\u0131l\u0131m\/\u00dcretim\/Destek s\u00fcre\u00e7lerinin tamam\u0131n\u0131 b\u00fct\u00fcnle\u015fik d\u00fc\u015f\u00fcnmek gerekir. Sadece donan\u0131m tasar\u0131m kabiliyetlerine g\u00fcvenerek OEM proje yapt\u0131rmak do\u011fru de\u011fildir.<\/li>\n<\/ol>\n\n\n<p><\/p>","protected":false},"excerpt":{"rendered":"<p>Eyler M\u00fchendislik olarak uzun y\u0131llard\u0131r \u00e7e\u015fitli konularda ve farkl\u0131 firma profilleri ile OEM tasar\u0131m-\u00fcretim-\u00fcr\u00fcn hayat-d\u00f6ng\u00fcs\u00fc y\u00f6netimi (PLM) projelerinde yer ald\u0131k. Bu projelerde ortak olarak g\u00f6zlemledi\u011fimiz ana konular: Proje d\u00f6k\u00fcmantasyonu, sadece \u00f6n kabul, sipari\u015f a\u015famas\u0131nda de\u011fil, bittikten sonra bile ya\u015famas\u0131 gereken bir konudur. Proje d\u00f6k\u00fcmantasyonuna hem i\u015fveren hem de OEM \u00fcretici firma \u00e7ok dikkat etmelidir. OEM&#8230;<\/p>","protected":false},"author":2,"featured_media":2612,"comment_status":"closed","ping_status":"closed","sticky":false,"template":"","format":"standard","meta":{"footnotes":""},"categories":[42],"tags":[52,50],"class_list":{"0":"post-121","1":"post","2":"type-post","3":"status-publish","4":"format-standard","5":"has-post-thumbnail","6":"hentry","7":"category-oem-elektronik-tasarim","8":"tag-oem","9":"tag-oneriler","10":"","11":"nt-default-format-box","13":" nt-post-class "},"_links":{"self":[{"href":"https:\/\/www.eylereng.com\/en\/wp-json\/wp\/v2\/posts\/121","targetHints":{"allow":["GET"]}}],"collection":[{"href":"https:\/\/www.eylereng.com\/en\/wp-json\/wp\/v2\/posts"}],"about":[{"href":"https:\/\/www.eylereng.com\/en\/wp-json\/wp\/v2\/types\/post"}],"author":[{"embeddable":true,"href":"https:\/\/www.eylereng.com\/en\/wp-json\/wp\/v2\/users\/2"}],"replies":[{"embeddable":true,"href":"https:\/\/www.eylereng.com\/en\/wp-json\/wp\/v2\/comments?post=121"}],"version-history":[{"count":0,"href":"https:\/\/www.eylereng.com\/en\/wp-json\/wp\/v2\/posts\/121\/revisions"}],"wp:featuredmedia":[{"embeddable":true,"href":"https:\/\/www.eylereng.com\/en\/wp-json\/wp\/v2\/media\/2612"}],"wp:attachment":[{"href":"https:\/\/www.eylereng.com\/en\/wp-json\/wp\/v2\/media?parent=121"}],"wp:term":[{"taxonomy":"category","embeddable":true,"href":"https:\/\/www.eylereng.com\/en\/wp-json\/wp\/v2\/categories?post=121"},{"taxonomy":"post_tag","embeddable":true,"href":"https:\/\/www.eylereng.com\/en\/wp-json\/wp\/v2\/tags?post=121"}],"curies":[{"name":"wp","href":"https:\/\/api.w.org\/{rel}","templated":true}]}}